{"id":1023,"date":"2024-10-19T20:14:39","date_gmt":"2024-10-19T18:14:39","guid":{"rendered":"https:\/\/aperpsicologia.es\/?p=1023"},"modified":"2024-10-19T20:30:06","modified_gmt":"2024-10-19T18:30:06","slug":"mujer-y-autoestima","status":"publish","type":"post","link":"https:\/\/aperpsicologia.es\/en\/mujer-y-autoestima\/","title":{"rendered":"Mujer y Autoestima"},"content":{"rendered":"<p>Hoy en d\u00eda, las mujeres tienen varias identidades, ser madre, compa\u00f1era, cuidadora y, adem\u00e1s, Mujer trabajadora fuera del hogar. Sin embargo, estas responsabilidades <strong>fuera del hogar<\/strong>, se producen sin reducir su carga de trabajo en las tareas dom\u00e9sticas y familiares.<\/p>\n\n\n\n<p>A veces, estos roles, pueden llegar a ser dif\u00edciles de compaginar, por lo que, en muchas mujeres se genera una enorme carga adicional de trabajo.<\/p>\n\n\n\n<p>M\u00e1s a\u00fan, conforme las mujeres, vamos cumpliendo a\u00f1os, observamos los cambios que se van produciendo en nosotras, cambios fis\u00edcos, fisiol\u00f3gicos, y, cambios en nuestro estado de \u00e1nimo<\/p>\n\n\n\n<p>Ciertamente, no puedes evitar los cambios derivados del paso del tiempo. Pero hay algo que s\u00ed que puedes hacer: cambios voluntarios en tu vida. <\/p>\n\n\n\n<h3 class=\"wp-block-heading\">Sociedad Actual y Mujer<\/h3>\n\n\n\n<p>Cuerpos perfectos, Actrices, Modelos, Influencers,&nbsp; Cantantes , Eterna Juventud, Perfecci\u00f3n, aparentar m\u00e1s joven&#8230;..<\/p>\n\n\n\n<p>\u00c9xito, \u00c9xito&#8230;&#8230;<\/p>\n\n\n\n<p><strong>Crees que estas mujeres, tienen una autoestima saludable<\/strong><\/p>\n\n\n\n<figure class=\"wp-block-image size-full\"><img fetchpriority=\"high\" decoding=\"async\" width=\"571\" height=\"706\" src=\"https:\/\/aperpsicologia.es\/wp-content\/uploads\/2024\/10\/image-18.png\" alt=\"\" class=\"wp-image-1036\" srcset=\"https:\/\/aperpsicologia.es\/wp-content\/uploads\/2024\/10\/image-18.png 571w, https:\/\/aperpsicologia.es\/wp-content\/uploads\/2024\/10\/image-18-243x300.png 243w, https:\/\/aperpsicologia.es\/wp-content\/uploads\/2024\/10\/image-18-10x12.png 10w\" sizes=\"(max-width: 571px) 100vw, 571px\" \/><\/figure>\n\n\n\n<figure class=\"wp-block-image size-full is-resized\"><img decoding=\"async\" width=\"500\" height=\"578\" src=\"https:\/\/aperpsicologia.es\/wp-content\/uploads\/2024\/10\/image-19.png\" alt=\"\" class=\"wp-image-1037\" style=\"width:840px;height:auto\" srcset=\"https:\/\/aperpsicologia.es\/wp-content\/uploads\/2024\/10\/image-19.png 500w, https:\/\/aperpsicologia.es\/wp-content\/uploads\/2024\/10\/image-19-260x300.png 260w, https:\/\/aperpsicologia.es\/wp-content\/uploads\/2024\/10\/image-19-10x12.png 10w\" sizes=\"(max-width: 500px) 100vw, 500px\" \/><\/figure>\n\n\n\n<div class=\"wp-block-cover\"><span aria-hidden=\"true\" class=\"wp-block-cover__background has-background-dim\"><\/span><img decoding=\"async\" width=\"597\" height=\"744\" class=\"wp-block-cover__image-background wp-image-1038\" alt=\"\" src=\"https:\/\/aperpsicologia.es\/wp-content\/uploads\/2024\/10\/image-20.png\" data-object-fit=\"cover\" srcset=\"https:\/\/aperpsicologia.es\/wp-content\/uploads\/2024\/10\/image-20.png 597w, https:\/\/aperpsicologia.es\/wp-content\/uploads\/2024\/10\/image-20-241x300.png 241w, https:\/\/aperpsicologia.es\/wp-content\/uploads\/2024\/10\/image-20-10x12.png 10w\" sizes=\"(max-width: 597px) 100vw, 597px\" \/><div class=\"wp-block-cover__inner-container is-layout-flow wp-block-cover-is-layout-flow\">\n<p class=\"has-text-align-center has-large-font-size\"><\/p>\n\n\n\n<p>si la Autoestima consiste en tener muchos logros y \u00e9xito social, por qu\u00e9 muchos famosos, tambi\u00e9n tienen problemas psicol\u00f3gicos&#8230;<\/p>\n<\/div><\/div>\n\n\n\n<h2 class=\"wp-block-heading\">\u00bfQu\u00e9 est\u00e1 pasando?<\/h2>\n\n\n\n<p>El 90% de los pacientes que acuden a consulta, por distintos problemas psicol\u00f3gicos, tiene de base un problema de autoestima. m\u00e1s del 85% de las mujeres,&nbsp; les gustar\u00eda mejorar su autoestima.<\/p>\n\n\n\n<p><strong>Personas que, aparentemente lo tienen todo, se perciben negativamente porque sus muchos \u201clogros\u201d y \u201c\u00e9xitos\u201d, se ven disminuidos al AUMENTAR de forma perfeccionista sus exigencias. <\/strong><\/p>\n\n\n\n<p>Si esto, se puede afirmar de personas socialmente exitosas, quien cuente en su haber con pocos logros personales y sociales, por no hablar de dolor y fracaso, nos hace vernos tremendamente disminuidos por las exigencias vitales, lo que acarrea un profundo desamor hacia nosotras mismas<\/p>\n\n\n\n<h2 class=\"wp-block-heading\">C\u00f3mo se forma la Autoestima<\/h2>\n\n\n\n<p>Como vemos, la autoestima no es voluntaria, espont\u00e1nea o natural,<\/p>\n\n\n\n<p>proviene de las condiciones de vida y de lo que cada una ha experimentado al vivir su vida.<\/p>\n\n\n\n<p>La autoestima no es individual, sino social.<\/p>\n\n\n\n<p>Las mujeres partimos de una valoraci\u00f3n social inferior que la de los hombres y por esa raz\u00f3n, la baja autoestima se encuentra m\u00e1s frecuentemente en mujeres, especialmente en aquellas que han crecido en una familia con roles tradicionales, donde se valora menos a&nbsp; los miembros del g\u00e9nero femenino.<\/p>\n\n\n\n<h2 class=\"wp-block-heading\">T\u00da NO NECESITAS LA APROBACI\u00d3N DE LOS DEM\u00c1S<\/h2>\n\n\n\n<p>La necesidad de aprobaci\u00f3n de los dem\u00e1s equivale a decir:<\/p>\n\n\n\n<p><strong>\u00abLo que t\u00fa piensas de m\u00ed es m\u00e1s importante que la opini\u00f3n que tengo de m\u00ed misma\u00bb.<\/strong><\/p>\n\n\n\n<h2 class=\"wp-block-heading\">Qu\u00e9 depende de ti<\/h2>\n\n\n\n<p>Es importante que incorpores a tu d\u00eda a d\u00eda <strong>h\u00e1bitos de vida saludable<\/strong>, y empezar con un buen punto de inflexi\u00f3n y proponerte alg\u00fan reto como dejar de fumar, comenzar una <strong>dieta equilibrada,<\/strong> o sumarte a alguna actividad de grupo que te interese.<\/p>\n\n\n\n<p>La carga de trabajo en la actualidad,  en algunas situaciones, y en algunas mujeres, &nbsp;conlleva tambi\u00e9n una carga emocional ( No llego a ning\u00fan sitio, soy mala madre, no llego en mi trabajo etc etc), &nbsp;<\/p>\n\n\n\n<p>Todos estos factores unidos, pueden llevar a desarrollar, alg\u00fan tipo de problema psicol\u00f3gico, dando lugar a la aparici\u00f3n de bajo estado de \u00e1nimo, enfado, frustaci\u00f3n, ansiedad, estr\u00e9s, problemas cognitivos, preocupaci\u00f3n excesiva, fatiga, etc.<\/p>\n\n\n\n<figure class=\"wp-block-image size-full is-resized\"><img loading=\"lazy\" decoding=\"async\" width=\"330\" height=\"323\" src=\"https:\/\/aperpsicologia.es\/wp-content\/uploads\/2024\/10\/image-6.png\" alt=\"\" class=\"wp-image-1024\" style=\"width:270px;height:auto\" srcset=\"https:\/\/aperpsicologia.es\/wp-content\/uploads\/2024\/10\/image-6.png 330w, https:\/\/aperpsicologia.es\/wp-content\/uploads\/2024\/10\/image-6-300x294.png 300w, https:\/\/aperpsicologia.es\/wp-content\/uploads\/2024\/10\/image-6-12x12.png 12w\" sizes=\"(max-width: 330px) 100vw, 330px\" \/><\/figure>\n\n\n\n<figure class=\"wp-block-image size-full\"><img loading=\"lazy\" decoding=\"async\" width=\"355\" height=\"355\" src=\"https:\/\/aperpsicologia.es\/wp-content\/uploads\/2024\/10\/image-7.png\" alt=\"\" class=\"wp-image-1025\" srcset=\"https:\/\/aperpsicologia.es\/wp-content\/uploads\/2024\/10\/image-7.png 355w, https:\/\/aperpsicologia.es\/wp-content\/uploads\/2024\/10\/image-7-300x300.png 300w, https:\/\/aperpsicologia.es\/wp-content\/uploads\/2024\/10\/image-7-150x150.png 150w, https:\/\/aperpsicologia.es\/wp-content\/uploads\/2024\/10\/image-7-12x12.png 12w\" sizes=\"(max-width: 355px) 100vw, 355px\" \/><\/figure>\n\n\n\n<h2 class=\"wp-block-heading\"><strong>C\u00f3mo puedo mejorar mi Bienestar Psicol\u00f3gico<\/strong>.<\/h2>\n\n\n\n<p>El bienestar psicol\u00f3gico (BP) se define como un modo de funcionamiento positivo que las personas desarrollan, y sirve para afrontar retos vitales o &nbsp;plantearse objetivos personales (Ryff, 1989a, 1989b).<\/p>\n\n\n\n<h3 class=\"wp-block-heading\">Est\u00e1 formado por seis dimensiones:<\/h3>\n\n\n\n<ol class=\"wp-block-list\">\n<li><strong>Autoaceptaci\u00f3n o Autoestima<\/strong>: que se refiere a las actitudes positivas hacia uno mismo.<\/li>\n\n\n\n<li><strong>Relaciones positivas con otros<\/strong>: contar con v\u00ednculos sociales positivos y estables.<\/li>\n\n\n\n<li><strong>Autonom\u00eda:<\/strong> capacidad de independencia;<\/li>\n\n\n\n<li><strong>Dominio del entorno<\/strong>: Habilidad para elegir o crear entornos favorables para poder satisfacer nuestros deseos y necesidades.<\/li>\n\n\n\n<li><strong>Prop\u00f3sito en la vida<\/strong>: Asociado al establecimiento de metas que permitan dotar a la vida de sentido.<\/li>\n\n\n\n<li><strong>Crecimiento personal<\/strong>: Motivaci\u00f3n para desarrollarse a uno mismo.<\/li>\n<\/ol>\n\n\n\n<p>Como puedes ver, <strong>la Autoestima<\/strong> es una parte esencial del bienestar psicol\u00f3gico: que la persona se respete y valore a s\u00ed misma (autoestima).<\/p>\n\n\n\n<p>En pr\u00f3ximas entradas, hableremos del resto del componentes que contribuyen a mejorar el bienestar psicol\u00f3gico en las mujeres.<\/p>\n\n\n\n<h2 class=\"wp-block-heading\"><strong>\u00bfC\u00f3mo cre\u00e9is que ten\u00e9is la Autoestima?<\/strong><\/h2>\n\n\n\n<p>test para medir tu autoestima&#8230;..menos de 25, autoestima baja&#8230;<\/p>\n\n\n\n<figure class=\"wp-block-image size-full\"><img loading=\"lazy\" decoding=\"async\" width=\"890\" height=\"761\" src=\"https:\/\/aperpsicologia.es\/wp-content\/uploads\/2024\/10\/image-9.png\" alt=\"\" class=\"wp-image-1027\" srcset=\"https:\/\/aperpsicologia.es\/wp-content\/uploads\/2024\/10\/image-9.png 890w, https:\/\/aperpsicologia.es\/wp-content\/uploads\/2024\/10\/image-9-300x257.png 300w, https:\/\/aperpsicologia.es\/wp-content\/uploads\/2024\/10\/image-9-768x657.png 768w, https:\/\/aperpsicologia.es\/wp-content\/uploads\/2024\/10\/image-9-14x12.png 14w\" sizes=\"(max-width: 890px) 100vw, 890px\" \/><\/figure>\n\n\n\n<h3 class=\"wp-block-heading\"><strong>Qu\u00e9 es la autoestima:<\/strong><\/h3>\n\n\n\n<p>Existen muchas definiciones, una de ellas:<\/p>\n\n\n\n<p>Es la&nbsp; Nathaniel&nbsp; Branden, psic\u00f3logo estadounidense que ha orientado su carrera profesional a la elaboraci\u00f3n de un modelo que defina y explique el funcionamiento de la autoestima.<\/p>\n\n\n\n<p>Propone que la esencia de la autoestima consiste en confiar en la propia val\u00eda y saber que somos merecedores de la felicidad.<\/p>\n\n\n\n<p>El valor de la autoestima nos permite sentir mejor, <strong>permite vivir mejor, responder a los desaf\u00edos<\/strong> y hacer frente a las exigencias de la vida cotidiana, adem\u00e1s de ver las oportunidades con mayor ingenio y de forma m\u00e1s apropiada.<\/p>\n\n\n\n<p><strong>Cuando hay una autoestima sana:<\/strong><\/p>\n\n\n\n<ul class=\"wp-block-list\">\n<li>Se busca el desaf\u00edo, seleccionando metas dignas y exigentes.<\/li>\n\n\n\n<li>Se est\u00e1 m\u00e1s preparado para afrontar los problemas cotidianos, y m\u00e1s r\u00e1pido nos levantamos despu\u00e9s de una ca\u00edda.<\/li>\n\n\n\n<li>Existe ambici\u00f3n no exclusivamente profesional o financiera, sino sobre lo que deseamos experimentar en la vida a nivel emocional, racional, creativo y espiritual.<\/li>\n\n\n\n<li>Hay una disposici\u00f3n a establecer relaciones constructivas y saludables.<\/li>\n\n\n\n<li>El trato con los dem\u00e1s se basa en el respeto y la benevolencia.<\/li>\n\n\n\n<li>El respeto a uno mismo es el fundamento del respeto a los dem\u00e1s, por lo que no existe amenaza, y por ende, desaparecen actitudes defensivas.<\/li>\n<\/ul>\n\n\n\n<p><\/p>\n\n\n\n<ul class=\"wp-block-list\">\n<li><strong>Cuando hay una autoestima baja:<\/strong><\/li>\n<\/ul>\n\n\n\n<p><\/p>\n\n\n\n<ul class=\"wp-block-list\">\n<li>Se busca la seguridad de lo conocido y la falta de exigencia.<\/li>\n\n\n\n<li>Se dispone de expectativas pobres en cuanto a lo que esperamos, y ser\u00e1 poco lo que aspiremos a conseguir.<\/li>\n\n\n\n<li>Se manifiesta la \u201cnecesidad de la aprobaci\u00f3n de los dem\u00e1s, o tambi\u00e9n la necesidad de olvidarnos de nosotros mismos.<\/li>\n\n\n\n<li>Se muestra una comunicaci\u00f3n opaca, evasiva e inapropiada, con incertidumbre sobre lo que expresamos y con ansiedad por la actitud del que escucha.<\/li>\n\n\n\n<li>Se muestran desde actitudes pasivas, a actitudes defensivas.<\/li>\n\n\n\n<li><em>De este modo, las personas que se sienten bien consigo mismas, que tienen una buena autoestima, son capaces de enfrentarse y resolver los retos y las responsabilidades que la vida plantea. Por el contrario, los que tienen una autoestima baja suelen autolimitarse y ponerse barreras para conseguir sus metas.<\/em><\/li>\n\n\n\n<li>\u00a1Siempre fracasar\u00e9! , aunque solo haya fracasado una vez<\/li>\n\n\n\n<li>\u00a1Qu\u00e9 torpe (soy)!<\/li>\n\n\n\n<li>Lo hago bien o mal. O es perfecto o no vale.<\/li>\n\n\n\n<li>&nbsp;\u201cTengo yo la culpa \u00a1tendr\u00eda que haberme dado cuenta!\u201d.<\/li>\n\n\n\n<li>\u00a1Me mira mal, qu\u00e9 le habr\u00e9 hecho!\u201d<\/li>\n\n\n\n<li>No le intereso a nadie, no le gusto a nadie, piensan mal de m\u00ed.<\/li>\n\n\n\n<li>Responsabilidad por todo o creer que es una v\u00edctima desamparada.<\/li>\n\n\n\n<li>\u00abSi es que soy un in\u00fatil de verdad\u00bb<\/li>\n\n\n\n<li>Necesidad de aprobaci\u00f3n de los dem\u00e1s, Qu\u00e9 van a decir de mi!!!<\/li>\n\n\n\n<li>\u201csi no le gusta a mi novio mi ropa, me cambio\u201d, \u201ces horrible que se enfaden conmigo\u201d, \u201cmi cuerpo es fe\u00edsimo, no quiero ir a la playa para que no me vean\u201d.        <\/li>\n<\/ul>\n\n\n\n<h3 class=\"wp-block-heading\"><strong>C\u00f3mo puedo mejorar mi autoestima<\/strong><\/h3>\n\n\n\n<p>Para mejora la autoestima, &nbsp;hay que ponerse en ACCI\u00d3N\u2026..<\/p>\n\n\n\n<p>No se puede intervenir directamente sobre ella, sino que tiene que ver con la puesta en pr\u00e1ctica de acciones que son valiosas o significativas para uno mismo, adoptar un compromiso personal.<\/p>\n\n\n\n<p>\u201cTodo valor vinculado a la vida exige una acci\u00f3n para conseguirlo, mantenerlo o disfrutarlo\u201d.<\/p>\n\n\n\n<figure class=\"wp-block-image size-full\"><img loading=\"lazy\" decoding=\"async\" width=\"288\" height=\"438\" src=\"https:\/\/aperpsicologia.es\/wp-content\/uploads\/2024\/10\/image-12.png\" alt=\"\" class=\"wp-image-1030\" srcset=\"https:\/\/aperpsicologia.es\/wp-content\/uploads\/2024\/10\/image-12.png 288w, https:\/\/aperpsicologia.es\/wp-content\/uploads\/2024\/10\/image-12-197x300.png 197w, https:\/\/aperpsicologia.es\/wp-content\/uploads\/2024\/10\/image-12-8x12.png 8w\" sizes=\"(max-width: 288px) 100vw, 288px\" \/><\/figure>\n\n\n\n<figure class=\"wp-block-image size-full\"><img loading=\"lazy\" decoding=\"async\" width=\"414\" height=\"304\" src=\"https:\/\/aperpsicologia.es\/wp-content\/uploads\/2024\/10\/image-13.png\" alt=\"\" class=\"wp-image-1031\" srcset=\"https:\/\/aperpsicologia.es\/wp-content\/uploads\/2024\/10\/image-13.png 414w, https:\/\/aperpsicologia.es\/wp-content\/uploads\/2024\/10\/image-13-300x220.png 300w, https:\/\/aperpsicologia.es\/wp-content\/uploads\/2024\/10\/image-13-16x12.png 16w\" sizes=\"(max-width: 414px) 100vw, 414px\" \/><figcaption class=\"wp-element-caption\">Evitaci\u00f3n o falta de Acci\u00f3n&#8230;.<\/figcaption><\/figure>\n\n\n\n<figure class=\"wp-block-image size-full\"><img loading=\"lazy\" decoding=\"async\" width=\"430\" height=\"288\" src=\"https:\/\/aperpsicologia.es\/wp-content\/uploads\/2024\/10\/image-14.png\" alt=\"\" class=\"wp-image-1032\" srcset=\"https:\/\/aperpsicologia.es\/wp-content\/uploads\/2024\/10\/image-14.png 430w, https:\/\/aperpsicologia.es\/wp-content\/uploads\/2024\/10\/image-14-300x201.png 300w, https:\/\/aperpsicologia.es\/wp-content\/uploads\/2024\/10\/image-14-18x12.png 18w\" sizes=\"(max-width: 430px) 100vw, 430px\" \/><\/figure>\n\n\n\n<p>Lo que sucede, en ocasiones, es que este sentirse mal, el malestar que genera enfrentar algunas circunstancias, no es tolerado por la persona y por tanto puede no asumirlo como algo natural, lo que llevar\u00eda a esta persona, a dejar de hacer acciones que son valiosas para ella, con el fin de anular esos sensaciones desagradables que lleva consigo el malestar. <\/p>\n\n\n\n<p>Lo que envuelve a la persona en un \u201cc\u00edrculo vicioso\u201d, que lejos de ser una soluci\u00f3n, va aumentando el problema.<\/p>\n\n\n\n<p>Ser\u00e1 el realizar peque\u00f1as actividades significativas para una misma, lo que poco a poco, nos haga ir sinti\u00e9ndonos mejor. No esperar a sentirnos mejor para hacer cosas\u2026.<\/p>\n\n\n\n<p>Orientar nuestra vida hacia los valores, las cosas que son importantes para nosotros y hacerlas a pesar del malestar\u2026 muy poco a poco<\/p>\n\n\n\n<p><strong>Valores:<\/strong> son Lo que com\u00fanmente llamamos \u201cnuestros principios\u201d; lealtad, verdad, \u00e9xito, uni\u00f3n, justicia, bondad. Son sin duda un \u201cmotor\u201d para nuestra auto motivaci\u00f3n. <\/p>\n\n\n\n<p>Son importantes por lo que se significan y lo que representan para nosotras mismas. Para m\u00ed,&nbsp; \u00bfQu\u00e9 es importante de lo que hago?.<\/p>\n\n\n\n<figure class=\"wp-block-image size-full\"><img loading=\"lazy\" decoding=\"async\" width=\"272\" height=\"155\" src=\"https:\/\/aperpsicologia.es\/wp-content\/uploads\/2024\/10\/image-15.png\" alt=\"\" class=\"wp-image-1033\" srcset=\"https:\/\/aperpsicologia.es\/wp-content\/uploads\/2024\/10\/image-15.png 272w, https:\/\/aperpsicologia.es\/wp-content\/uploads\/2024\/10\/image-15-18x10.png 18w\" sizes=\"(max-width: 272px) 100vw, 272px\" \/><\/figure>\n\n\n\n<figure class=\"wp-block-image size-full\"><img loading=\"lazy\" decoding=\"async\" width=\"273\" height=\"197\" src=\"https:\/\/aperpsicologia.es\/wp-content\/uploads\/2024\/10\/image-16.png\" alt=\"\" class=\"wp-image-1034\" srcset=\"https:\/\/aperpsicologia.es\/wp-content\/uploads\/2024\/10\/image-16.png 273w, https:\/\/aperpsicologia.es\/wp-content\/uploads\/2024\/10\/image-16-18x12.png 18w\" sizes=\"(max-width: 273px) 100vw, 273px\" \/><\/figure>\n\n\n\n<div class=\"wp-block-cover\"><span aria-hidden=\"true\" class=\"wp-block-cover__background has-background-dim\"><\/span><img loading=\"lazy\" decoding=\"async\" width=\"318\" height=\"326\" class=\"wp-block-cover__image-background wp-image-1035\" alt=\"\" src=\"https:\/\/aperpsicologia.es\/wp-content\/uploads\/2024\/10\/image-17.png\" data-object-fit=\"cover\" srcset=\"https:\/\/aperpsicologia.es\/wp-content\/uploads\/2024\/10\/image-17.png 318w, https:\/\/aperpsicologia.es\/wp-content\/uploads\/2024\/10\/image-17-293x300.png 293w, https:\/\/aperpsicologia.es\/wp-content\/uploads\/2024\/10\/image-17-12x12.png 12w\" sizes=\"(max-width: 318px) 100vw, 318px\" \/><div class=\"wp-block-cover__inner-container is-layout-flow wp-block-cover-is-layout-flow\">\n<div class=\"wp-block-group is-layout-grid wp-container-core-group-is-layout-478b6e6b wp-block-group-is-layout-grid\">\n<p class=\"wp-container-content-e29552f7\">Realizar un curso que hace tiempo, un deporte que me guste, salir a pasear&#8230;actividades significativas para ti, ayudar a otras personas&#8230;<\/p>\n<\/div>\n<\/div><\/div>\n\n\n\n<p>La autoestima NO necesariamente tiene que preceder a nuestros actos (<strong>Tengo mucha autoestima y por eso hago muchas cosas), <\/strong>al contrario,<\/p>\n\n\n\n<p><strong>La autoestima es la suma de lo que hacemos o la consecuencia de nuestros actos.<\/strong><strong><\/strong><\/p>\n\n\n\n<h2 class=\"wp-block-heading\">Ponerse en Acci\u00f3n<\/h2>\n\n\n\n<p>Aunque si por autoestima entendemos dar pasos en una direcci\u00f3n valiosa, &nbsp;una vida con significado, &nbsp;que merezca la pena ser vivida y examinada hac\u00eda atr\u00e1s, <strong>aun sintiendo que no tiene autoestima, <\/strong>en eso si puedes actuar.<\/p>\n\n\n\n<p>No podemos controlar los sentimientos, <strong>lo que si podemos controlar<\/strong>; es lo que hacemos con nuestra vida cuando aparece esa \u201cbaja autoestima\u201d y el des\u00e1nimo&#8230;<\/p>\n\n\n\n<p>Puedes hacer que tu vida, no est\u00e9 al servicio de la autoestima&#8230;<\/p>\n\n\n\n<p>A dirigirse hacia aquello que es importante aunque considere que no tiens autoestima.<\/p>\n\n\n\n<p>A que te mires al espejo y digas: <strong>no tengo autoestima<\/strong>, pero mi vida ha merecido la pena, he hecho aquello que quer\u00eda hacer aunque por el camino aparezcan todo tipo de barreras o sensaciones.<\/p>\n\n\n\n<p>Nuestra mente nos sabotea y vienen pensamientos que nos dicen: y para qu\u00e9 vas a hacer eso, te vas a sentir idiota, t\u00fa no eres capaz, eres una in\u00fatil, no vas a poder, eres feo, van a pensar que est\u00e1s haciendo el rid\u00edculo, mejor no lo hagas etc.. <\/p>\n\n\n\n<p>Pero.. \u00bfCu\u00e1ntas veces te han venido los pensamientos de que no ibas a ser capaz y finalmente lo conseguiste? \u00bfA qui\u00e9n le vas a hacer caso a tus pensamientos o a tu experiencia?<\/p>\n\n\n\n<p><em><strong>Concluyendo<\/strong><\/em><\/p>\n\n\n\n<p>No s\u00e9 si mejorar\u00e1 o no t\u00fa autoestima dando pasos hacia aquello que te importa, pero lo que si te puedo asegurar es que habr\u00e1s hecho aquello que quer\u00edas hacer en t\u00fa vida \u00bfY c\u00f3mo te sientes cuando haces algo que consideras importante? <\/p>\n\n\n\n<p>\u00bfPor qu\u00e9 lo importante es tener autoestima o lo que consigues teniendo autoestima? <\/p>\n\n\n\n<p>Las personas que describen sus vidas como \u201cfelices\u201d antes de morir son aquellas que en la vida hicieron aquello que consideraban valioso.<\/p>\n\n\n\n<h2 class=\"wp-block-heading\">No necesitas la aprobaci\u00f3n de los dem\u00e1s<\/h2>\n\n\n\n<p>Tenemos todas las herramientas necesarias para empezar a mejorar, lo que depende de mi&#8230;..<\/p>","protected":false},"excerpt":{"rendered":"<p>Hoy en d\u00eda, las mujeres tienen varias identidades, ser madre, compa\u00f1era, cuidadora y, adem\u00e1s, Mujer trabajadora fuera del hogar. Sin embargo, estas responsabilidades fuera del hogar, se producen sin reducir su carga de trabajo en las tareas dom\u00e9sticas y familiares. A veces, estos roles, pueden llegar a ser dif\u00edciles de compaginar, por lo que, en [&hellip;]<\/p>","protected":false},"author":2,"featured_media":46,"comment_status":"open","ping_status":"open","sticky":false,"template":"","format":"standard","meta":{"inline_featured_image":false,"footnotes":""},"categories":[3],"tags":[20,54,50],"class_list":["post-1023","post","type-post","status-publish","format-standard","has-post-thumbnail","hentry","category-blog","tag-autoestima","tag-bienestar-psicologico","tag-mujer"],"yoast_head":"<!-- This site is optimized with the Yoast SEO plugin v24.9 - https:\/\/yoast.com\/wordpress\/plugins\/seo\/ -->\n<title>Mujer y Autoestima - Aper Psicolog\u00eda<\/title>\n<meta name=\"robots\" content=\"index, follow, max-snippet:-1, max-image-preview:large, max-video-preview:-1\" \/>\n<link rel=\"canonical\" href=\"https:\/\/aperpsicologia.es\/en\/mujer-y-autoestima\/\" \/>\n<meta property=\"og:locale\" content=\"en_US\" \/>\n<meta property=\"og:type\" content=\"article\" \/>\n<meta property=\"og:title\" content=\"Mujer y Autoestima - Aper Psicolog\u00eda\" \/>\n<meta property=\"og:description\" content=\"Hoy en d\u00eda, las mujeres tienen varias identidades, ser madre, compa\u00f1era, cuidadora y, adem\u00e1s, Mujer trabajadora fuera del hogar. Sin embargo, estas responsabilidades fuera del hogar, se producen sin reducir su carga de trabajo en las tareas dom\u00e9sticas y familiares. A veces, estos roles, pueden llegar a ser dif\u00edciles de compaginar, por lo que, en [&hellip;]\" \/>\n<meta property=\"og:url\" content=\"https:\/\/aperpsicologia.es\/en\/mujer-y-autoestima\/\" \/>\n<meta property=\"og:site_name\" content=\"Aper Psicolog\u00eda\" \/>\n<meta property=\"article:published_time\" content=\"2024-10-19T18:14:39+00:00\" \/>\n<meta property=\"article:modified_time\" content=\"2024-10-19T18:30:06+00:00\" \/>\n<meta property=\"og:image\" content=\"https:\/\/aperpsicologia.es\/wp-content\/uploads\/2024\/07\/s-obsesiones.jpg\" \/>\n\t<meta property=\"og:image:width\" content=\"500\" \/>\n\t<meta property=\"og:image:height\" content=\"500\" \/>\n\t<meta property=\"og:image:type\" content=\"image\/jpeg\" \/>\n<meta name=\"author\" content=\"Ana P\u00e9rez\" \/>\n<meta name=\"twitter:card\" content=\"summary_large_image\" \/>\n<meta name=\"twitter:label1\" content=\"Written by\" \/>\n\t<meta name=\"twitter:data1\" content=\"Ana P\u00e9rez\" \/>\n\t<meta name=\"twitter:label2\" content=\"Est. reading time\" \/>\n\t<meta name=\"twitter:data2\" content=\"11 minutes\" \/>\n<script type=\"application\/ld+json\" class=\"yoast-schema-graph\">{\"@context\":\"https:\/\/schema.org\",\"@graph\":[{\"@type\":\"Article\",\"@id\":\"https:\/\/aperpsicologia.es\/mujer-y-autoestima\/#article\",\"isPartOf\":{\"@id\":\"https:\/\/aperpsicologia.es\/mujer-y-autoestima\/\"},\"author\":{\"name\":\"Ana P\u00e9rez\",\"@id\":\"https:\/\/aperpsicologia.es\/#\/schema\/person\/1c024c87b86f4fc43fce288bbd0a62df\"},\"headline\":\"Mujer y Autoestima\",\"datePublished\":\"2024-10-19T18:14:39+00:00\",\"dateModified\":\"2024-10-19T18:30:06+00:00\",\"mainEntityOfPage\":{\"@id\":\"https:\/\/aperpsicologia.es\/mujer-y-autoestima\/\"},\"wordCount\":1847,\"commentCount\":0,\"publisher\":{\"@id\":\"https:\/\/aperpsicologia.es\/#organization\"},\"image\":{\"@id\":\"https:\/\/aperpsicologia.es\/mujer-y-autoestima\/#primaryimage\"},\"thumbnailUrl\":\"https:\/\/aperpsicologia.es\/wp-content\/uploads\/2024\/07\/s-obsesiones.jpg\",\"keywords\":[\"Autoestima\",\"Bienestar Psicol\u00f3gico\",\"mujer\"],\"articleSection\":[\"Blog\"],\"inLanguage\":\"en-US\",\"potentialAction\":[{\"@type\":\"CommentAction\",\"name\":\"Comment\",\"target\":[\"https:\/\/aperpsicologia.es\/mujer-y-autoestima\/#respond\"]}]},{\"@type\":\"WebPage\",\"@id\":\"https:\/\/aperpsicologia.es\/mujer-y-autoestima\/\",\"url\":\"https:\/\/aperpsicologia.es\/mujer-y-autoestima\/\",\"name\":\"Mujer y Autoestima - Aper Psicolog\u00eda\",\"isPartOf\":{\"@id\":\"https:\/\/aperpsicologia.es\/#website\"},\"primaryImageOfPage\":{\"@id\":\"https:\/\/aperpsicologia.es\/mujer-y-autoestima\/#primaryimage\"},\"image\":{\"@id\":\"https:\/\/aperpsicologia.es\/mujer-y-autoestima\/#primaryimage\"},\"thumbnailUrl\":\"https:\/\/aperpsicologia.es\/wp-content\/uploads\/2024\/07\/s-obsesiones.jpg\",\"datePublished\":\"2024-10-19T18:14:39+00:00\",\"dateModified\":\"2024-10-19T18:30:06+00:00\",\"breadcrumb\":{\"@id\":\"https:\/\/aperpsicologia.es\/mujer-y-autoestima\/#breadcrumb\"},\"inLanguage\":\"en-US\",\"potentialAction\":[{\"@type\":\"ReadAction\",\"target\":[\"https:\/\/aperpsicologia.es\/mujer-y-autoestima\/\"]}]},{\"@type\":\"ImageObject\",\"inLanguage\":\"en-US\",\"@id\":\"https:\/\/aperpsicologia.es\/mujer-y-autoestima\/#primaryimage\",\"url\":\"https:\/\/aperpsicologia.es\/wp-content\/uploads\/2024\/07\/s-obsesiones.jpg\",\"contentUrl\":\"https:\/\/aperpsicologia.es\/wp-content\/uploads\/2024\/07\/s-obsesiones.jpg\",\"width\":500,\"height\":500},{\"@type\":\"BreadcrumbList\",\"@id\":\"https:\/\/aperpsicologia.es\/mujer-y-autoestima\/#breadcrumb\",\"itemListElement\":[{\"@type\":\"ListItem\",\"position\":1,\"name\":\"Home\",\"item\":\"https:\/\/aperpsicologia.es\/\"},{\"@type\":\"ListItem\",\"position\":2,\"name\":\"Mujer y Autoestima\"}]},{\"@type\":\"WebSite\",\"@id\":\"https:\/\/aperpsicologia.es\/#website\",\"url\":\"https:\/\/aperpsicologia.es\/\",\"name\":\"Aper Psicolog\u00eda\",\"description\":\"\",\"publisher\":{\"@id\":\"https:\/\/aperpsicologia.es\/#organization\"},\"potentialAction\":[{\"@type\":\"SearchAction\",\"target\":{\"@type\":\"EntryPoint\",\"urlTemplate\":\"https:\/\/aperpsicologia.es\/?s={search_term_string}\"},\"query-input\":{\"@type\":\"PropertyValueSpecification\",\"valueRequired\":true,\"valueName\":\"search_term_string\"}}],\"inLanguage\":\"en-US\"},{\"@type\":\"Organization\",\"@id\":\"https:\/\/aperpsicologia.es\/#organization\",\"name\":\"Aper Psicolog\u00eda\",\"url\":\"https:\/\/aperpsicologia.es\/\",\"logo\":{\"@type\":\"ImageObject\",\"inLanguage\":\"en-US\",\"@id\":\"https:\/\/aperpsicologia.es\/#\/schema\/logo\/image\/\",\"url\":\"http:\/\/aperpsicologia.es\/wp-content\/uploads\/2024\/07\/Logo-Sin-Fondo.png\",\"contentUrl\":\"http:\/\/aperpsicologia.es\/wp-content\/uploads\/2024\/07\/Logo-Sin-Fondo.png\",\"width\":372,\"height\":372,\"caption\":\"Aper Psicolog\u00eda\"},\"image\":{\"@id\":\"https:\/\/aperpsicologia.es\/#\/schema\/logo\/image\/\"}},{\"@type\":\"Person\",\"@id\":\"https:\/\/aperpsicologia.es\/#\/schema\/person\/1c024c87b86f4fc43fce288bbd0a62df\",\"name\":\"Ana P\u00e9rez\",\"image\":{\"@type\":\"ImageObject\",\"inLanguage\":\"en-US\",\"@id\":\"https:\/\/aperpsicologia.es\/#\/schema\/person\/image\/\",\"url\":\"https:\/\/secure.gravatar.com\/avatar\/9c7e1dd51dd2aec1a392455275d3c1ed8bd377e9fe82952ccc5d0304f81bee6d?s=96&d=mm&r=g\",\"contentUrl\":\"https:\/\/secure.gravatar.com\/avatar\/9c7e1dd51dd2aec1a392455275d3c1ed8bd377e9fe82952ccc5d0304f81bee6d?s=96&d=mm&r=g\",\"caption\":\"Ana P\u00e9rez\"},\"url\":\"https:\/\/aperpsicologia.es\/en\/author\/anaperez\/\"}]}<\/script>\n<!-- \/ Yoast SEO plugin. -->","yoast_head_json":{"title":"Mujer y Autoestima - Aper Psicolog\u00eda","robots":{"index":"index","follow":"follow","max-snippet":"max-snippet:-1","max-image-preview":"max-image-preview:large","max-video-preview":"max-video-preview:-1"},"canonical":"https:\/\/aperpsicologia.es\/en\/mujer-y-autoestima\/","og_locale":"en_US","og_type":"article","og_title":"Mujer y Autoestima - Aper Psicolog\u00eda","og_description":"Hoy en d\u00eda, las mujeres tienen varias identidades, ser madre, compa\u00f1era, cuidadora y, adem\u00e1s, Mujer trabajadora fuera del hogar. Sin embargo, estas responsabilidades fuera del hogar, se producen sin reducir su carga de trabajo en las tareas dom\u00e9sticas y familiares. A veces, estos roles, pueden llegar a ser dif\u00edciles de compaginar, por lo que, en [&hellip;]","og_url":"https:\/\/aperpsicologia.es\/en\/mujer-y-autoestima\/","og_site_name":"Aper Psicolog\u00eda","article_published_time":"2024-10-19T18:14:39+00:00","article_modified_time":"2024-10-19T18:30:06+00:00","og_image":[{"width":500,"height":500,"url":"https:\/\/aperpsicologia.es\/wp-content\/uploads\/2024\/07\/s-obsesiones.jpg","type":"image\/jpeg"}],"author":"Ana P\u00e9rez","twitter_card":"summary_large_image","twitter_misc":{"Written by":"Ana P\u00e9rez","Est. reading time":"11 minutes"},"schema":{"@context":"https:\/\/schema.org","@graph":[{"@type":"Article","@id":"https:\/\/aperpsicologia.es\/mujer-y-autoestima\/#article","isPartOf":{"@id":"https:\/\/aperpsicologia.es\/mujer-y-autoestima\/"},"author":{"name":"Ana P\u00e9rez","@id":"https:\/\/aperpsicologia.es\/#\/schema\/person\/1c024c87b86f4fc43fce288bbd0a62df"},"headline":"Mujer y Autoestima","datePublished":"2024-10-19T18:14:39+00:00","dateModified":"2024-10-19T18:30:06+00:00","mainEntityOfPage":{"@id":"https:\/\/aperpsicologia.es\/mujer-y-autoestima\/"},"wordCount":1847,"commentCount":0,"publisher":{"@id":"https:\/\/aperpsicologia.es\/#organization"},"image":{"@id":"https:\/\/aperpsicologia.es\/mujer-y-autoestima\/#primaryimage"},"thumbnailUrl":"https:\/\/aperpsicologia.es\/wp-content\/uploads\/2024\/07\/s-obsesiones.jpg","keywords":["Autoestima","Bienestar Psicol\u00f3gico","mujer"],"articleSection":["Blog"],"inLanguage":"en-US","potentialAction":[{"@type":"CommentAction","name":"Comment","target":["https:\/\/aperpsicologia.es\/mujer-y-autoestima\/#respond"]}]},{"@type":"WebPage","@id":"https:\/\/aperpsicologia.es\/mujer-y-autoestima\/","url":"https:\/\/aperpsicologia.es\/mujer-y-autoestima\/","name":"Mujer y Autoestima - Aper Psicolog\u00eda","isPartOf":{"@id":"https:\/\/aperpsicologia.es\/#website"},"primaryImageOfPage":{"@id":"https:\/\/aperpsicologia.es\/mujer-y-autoestima\/#primaryimage"},"image":{"@id":"https:\/\/aperpsicologia.es\/mujer-y-autoestima\/#primaryimage"},"thumbnailUrl":"https:\/\/aperpsicologia.es\/wp-content\/uploads\/2024\/07\/s-obsesiones.jpg","datePublished":"2024-10-19T18:14:39+00:00","dateModified":"2024-10-19T18:30:06+00:00","breadcrumb":{"@id":"https:\/\/aperpsicologia.es\/mujer-y-autoestima\/#breadcrumb"},"inLanguage":"en-US","potentialAction":[{"@type":"ReadAction","target":["https:\/\/aperpsicologia.es\/mujer-y-autoestima\/"]}]},{"@type":"ImageObject","inLanguage":"en-US","@id":"https:\/\/aperpsicologia.es\/mujer-y-autoestima\/#primaryimage","url":"https:\/\/aperpsicologia.es\/wp-content\/uploads\/2024\/07\/s-obsesiones.jpg","contentUrl":"https:\/\/aperpsicologia.es\/wp-content\/uploads\/2024\/07\/s-obsesiones.jpg","width":500,"height":500},{"@type":"BreadcrumbList","@id":"https:\/\/aperpsicologia.es\/mujer-y-autoestima\/#breadcrumb","itemListElement":[{"@type":"ListItem","position":1,"name":"Home","item":"https:\/\/aperpsicologia.es\/"},{"@type":"ListItem","position":2,"name":"Mujer y Autoestima"}]},{"@type":"WebSite","@id":"https:\/\/aperpsicologia.es\/#website","url":"https:\/\/aperpsicologia.es\/","name":"Aper Psicolog\u00eda","description":"","publisher":{"@id":"https:\/\/aperpsicologia.es\/#organization"},"potentialAction":[{"@type":"SearchAction","target":{"@type":"EntryPoint","urlTemplate":"https:\/\/aperpsicologia.es\/?s={search_term_string}"},"query-input":{"@type":"PropertyValueSpecification","valueRequired":true,"valueName":"search_term_string"}}],"inLanguage":"en-US"},{"@type":"Organization","@id":"https:\/\/aperpsicologia.es\/#organization","name":"Aper Psicolog\u00eda","url":"https:\/\/aperpsicologia.es\/","logo":{"@type":"ImageObject","inLanguage":"en-US","@id":"https:\/\/aperpsicologia.es\/#\/schema\/logo\/image\/","url":"http:\/\/aperpsicologia.es\/wp-content\/uploads\/2024\/07\/Logo-Sin-Fondo.png","contentUrl":"http:\/\/aperpsicologia.es\/wp-content\/uploads\/2024\/07\/Logo-Sin-Fondo.png","width":372,"height":372,"caption":"Aper Psicolog\u00eda"},"image":{"@id":"https:\/\/aperpsicologia.es\/#\/schema\/logo\/image\/"}},{"@type":"Person","@id":"https:\/\/aperpsicologia.es\/#\/schema\/person\/1c024c87b86f4fc43fce288bbd0a62df","name":"Ana P\u00e9rez","image":{"@type":"ImageObject","inLanguage":"en-US","@id":"https:\/\/aperpsicologia.es\/#\/schema\/person\/image\/","url":"https:\/\/secure.gravatar.com\/avatar\/9c7e1dd51dd2aec1a392455275d3c1ed8bd377e9fe82952ccc5d0304f81bee6d?s=96&d=mm&r=g","contentUrl":"https:\/\/secure.gravatar.com\/avatar\/9c7e1dd51dd2aec1a392455275d3c1ed8bd377e9fe82952ccc5d0304f81bee6d?s=96&d=mm&r=g","caption":"Ana P\u00e9rez"},"url":"https:\/\/aperpsicologia.es\/en\/author\/anaperez\/"}]}},"_links":{"self":[{"href":"https:\/\/aperpsicologia.es\/en\/wp-json\/wp\/v2\/posts\/1023","targetHints":{"allow":["GET"]}}],"collection":[{"href":"https:\/\/aperpsicologia.es\/en\/wp-json\/wp\/v2\/posts"}],"about":[{"href":"https:\/\/aperpsicologia.es\/en\/wp-json\/wp\/v2\/types\/post"}],"author":[{"embeddable":true,"href":"https:\/\/aperpsicologia.es\/en\/wp-json\/wp\/v2\/users\/2"}],"replies":[{"embeddable":true,"href":"https:\/\/aperpsicologia.es\/en\/wp-json\/wp\/v2\/comments?post=1023"}],"version-history":[{"count":2,"href":"https:\/\/aperpsicologia.es\/en\/wp-json\/wp\/v2\/posts\/1023\/revisions"}],"predecessor-version":[{"id":1042,"href":"https:\/\/aperpsicologia.es\/en\/wp-json\/wp\/v2\/posts\/1023\/revisions\/1042"}],"wp:featuredmedia":[{"embeddable":true,"href":"https:\/\/aperpsicologia.es\/en\/wp-json\/wp\/v2\/media\/46"}],"wp:attachment":[{"href":"https:\/\/aperpsicologia.es\/en\/wp-json\/wp\/v2\/media?parent=1023"}],"wp:term":[{"taxonomy":"category","embeddable":true,"href":"https:\/\/aperpsicologia.es\/en\/wp-json\/wp\/v2\/categories?post=1023"},{"taxonomy":"post_tag","embeddable":true,"href":"https:\/\/aperpsicologia.es\/en\/wp-json\/wp\/v2\/tags?post=1023"}],"curies":[{"name":"wp","href":"https:\/\/api.w.org\/{rel}","templated":true}]}}