{"id":1002,"date":"2024-10-07T13:21:51","date_gmt":"2024-10-07T11:21:51","guid":{"rendered":"https:\/\/aperpsicologia.es\/?p=1002"},"modified":"2024-10-07T13:23:51","modified_gmt":"2024-10-07T11:23:51","slug":"dolor-cronico","status":"publish","type":"post","link":"https:\/\/aperpsicologia.es\/en\/dolor-cronico\/","title":{"rendered":"Dolor Cr\u00f3nico"},"content":{"rendered":"<figure class=\"wp-block-image size-large\"><img fetchpriority=\"high\" decoding=\"async\" width=\"1024\" height=\"683\" src=\"https:\/\/aperpsicologia.es\/wp-content\/uploads\/2024\/10\/pexels-keenan-constance-545154-2865901-1024x683.jpg\" alt=\"\" class=\"wp-image-1003\" srcset=\"https:\/\/aperpsicologia.es\/wp-content\/uploads\/2024\/10\/pexels-keenan-constance-545154-2865901-1024x683.jpg 1024w, https:\/\/aperpsicologia.es\/wp-content\/uploads\/2024\/10\/pexels-keenan-constance-545154-2865901-300x200.jpg 300w, https:\/\/aperpsicologia.es\/wp-content\/uploads\/2024\/10\/pexels-keenan-constance-545154-2865901-768x512.jpg 768w, https:\/\/aperpsicologia.es\/wp-content\/uploads\/2024\/10\/pexels-keenan-constance-545154-2865901-1536x1024.jpg 1536w, https:\/\/aperpsicologia.es\/wp-content\/uploads\/2024\/10\/pexels-keenan-constance-545154-2865901-2048x1365.jpg 2048w, https:\/\/aperpsicologia.es\/wp-content\/uploads\/2024\/10\/pexels-keenan-constance-545154-2865901-18x12.jpg 18w\" sizes=\"(max-width: 1024px) 100vw, 1024px\" \/><\/figure>\n\n\n\n<h2 class=\"wp-block-heading\">Chronic Pain.<\/h2>\n\n\n\n<p>En 2019 la Organizaci\u00f3n Mundial de la Salud (OMS) public\u00f3 la nueva clasificaci\u00f3n internacional de enfermedades CIE-11, y se incorporaron nuevos conceptos taxon\u00f3micos relacionados con las patolog\u00edas que cursan con dolor cr\u00f3nico.<\/p>\n\n\n\n<p> La Asociaci\u00f3n Internacional para el Estudio del Dolor cr\u00f3nico, <strong>IASP, <\/strong>ha asesorado a la OMS mediante la creaci\u00f3n de la Task Force for the Classification of Chronic Pain, compuesta por expertos mundiales en dolor cr\u00f3nico (Margarit, 2019).<\/p>\n\n\n\n<h4 class=\"wp-block-heading\">Clasificaci\u00f3n del Dolor Cr\u00f3nico.<\/h4>\n\n\n\n<p>La nueva clasificaci\u00f3n divide el dolor cr\u00f3nico en siete grupos: <\/p>\n\n\n\n<ol class=\"wp-block-list\">\n<li><strong>Dolor cr\u00f3nico primario. <\/strong><\/li>\n\n\n\n<li>Dolor cr\u00f3nico por c\u00e1ncer.<\/li>\n\n\n\n<li>Dolor cr\u00f3nico postquir\u00fargico o postraum\u00e1tico.<\/li>\n\n\n\n<li>Dolor cr\u00f3nico neurop\u00e1tico. <\/li>\n\n\n\n<li>Dolor orofacial y cefalea.<\/li>\n\n\n\n<li>Dolor visceral cr\u00f3nico.<\/li>\n\n\n\n<li>Dolor cr\u00f3nico musculoesquel\u00e9tico Secundario : que afecta a tendones, m\u00fasculos y huesos, ya sea debido a inflamaci\u00f3n, cambios cr\u00f3nicos en su estructura o por alteraci\u00f3n de la funci\u00f3n biomec\u00e1nica secundaria a enfermedades del sistema nervioso (Smith et al., 2019). <\/li>\n<\/ol>\n\n\n\n<p>Esta distinci\u00f3n entre el grupo de <strong>dolor cr\u00f3nico musculoesquel\u00e9tico secundario<\/strong> frente al <strong>dolor cr\u00f3nico primario, <\/strong>en el que se incluyen entidades como la fibromialgia constituye un avance importante. <\/p>\n\n\n\n<p><strong>El dolor cr\u00f3nico primario: <\/strong>se caracteriza por alteraci\u00f3n funcional o estr\u00e9s emocional no explicable por otra causa y se plantea como una enfermedad en s\u00ed misma.<\/p>\n\n\n\n<p><strong>El dolor cr\u00f3nico secundario, <\/strong>es una entidad donde el dolor es un s\u00edntoma de una condici\u00f3n cl\u00ednica subyacente (Nicholas et al., 2019; Raja et al., 2020).<\/p>\n\n\n\n<h2 class=\"wp-block-heading\">Dolor cr\u00f3nico primario.<\/h2>\n\n\n\n<h3 class=\"wp-block-heading\">Fibromialgia.<\/h3>\n\n\n\n<p>La fibromialgia (FM) es una enfermedad reumatol\u00f3gica, incluida en el Manual de Clasificaci\u00f3n Internacional de Enfermedades desde 1992. La FM, se caracteriza por un <strong>dolor generalizado, difuso y persistente, <\/strong>los pacientes con FM suelen presentar una amplia gama de <strong>s\u00edntomas<\/strong> como fatiga, alteraciones del sue\u00f1o, trastornos emocionales y afectivos y\/o deterioro cognitivo, constituyendo as\u00ed, una enfermedad de car\u00e1cter multidimensional (Pe\u00f1a-Mu\u00f1ante, 2023).<\/p>\n\n\n\n<h3 class=\"wp-block-heading\">Caracter\u00edsticas. <\/h3>\n\n\n\n<p><strong>La etiolog\u00eda<\/strong> de la fibromialgia es compleja y desconocida, lo que genera un gran desaf\u00edo en t\u00e9rminos de diagn\u00f3stico y tratamiento (Kumbhare y Tesio, 2021). <\/p>\n\n\n\n<p><strong>La fisiopatolog\u00eda<\/strong> de la FM es todav\u00eda discutida, parece existir consenso en considerar que se trata de un <strong>trastorno de la modulaci\u00f3n del dolor sin lesi\u00f3n anat\u00f3mica.<\/strong>\u00a0La IASP califica en la actualidad estos dolores como \u00abnocipl\u00e1sticos\u00bb en la CIE-11(Nicholas et al., 2019). <\/p>\n\n\n\n<h3 class=\"wp-block-heading\">Origen y Desarrollo.<\/h3>\n\n\n\n<p>Existen m\u00faltiples hip\u00f3tesis que no son mutuamente excluyentes sobre desarrollo de la FM, unas tratan sobre la <strong>influencia gen\u00e9tica <\/strong>y otras sobre <strong>la neurol\u00f3gica <\/strong>de la FM. <\/p>\n\n\n\n<p>Las primeras, consideran la existencia de polimorfismos relacionados con la recaptaci\u00f3n de 5-hidroxitriptamina (serotonina, 5-HTT) como 5-HTTLPR, una variaci\u00f3n gen\u00e9tica de la regi\u00f3n del gen transportador de la serotonina, o aquellos relacionados con los sistemas catecolamin\u00e9rgicos y serotonin\u00e9rgicos como la catecol-O-metiltransferasa. <\/p>\n\n\n\n<p>Entre las hip\u00f3tesis neurol\u00f3gicas, se ha descubierto la existencia de una menor densidad en las fibras o neuropat\u00eda perif\u00e9rica en pacientes con FM (Mart\u00ednez-Lav\u00edn, 2018).<\/p>\n\n\n\n<h3 class=\"wp-block-heading\">Hip\u00f3tesis de Sensibilizaci\u00f3n Central al Dolor.<\/h3>\n\n\n\n<p>Sin embargo, una de las hip\u00f3tesis con mayor apoyo emp\u00edrico, es la <strong>Hip\u00f3tesis de la Sensibilizaci\u00f3n Central al Dolor (CPS), <\/strong>seg\u00fan \u00e9sta, la plasticidad neuronal implica cambios estructurales y funcionales en el sistema nervioso central (SNC) generando un estado sostenido de <strong>hiperexcitabilidad y excesiva eficiencia sin\u00e1ptica en las neuronas del SNC implicadas en el procesamiento sensorial y nociceptivo<\/strong> (Woolf, 2011).\u00a0<\/p>\n\n\n\n<p>La sensibilizaci\u00f3n central al dolor promueve la actividad en las v\u00edas moduladoras del dolor ascendentes y\/o la disfunci\u00f3n de las v\u00edas inhibidoras descendentes, que explicar\u00eda la aparici\u00f3n de dolor espont\u00e1neo y su mantenimiento, as\u00ed como la hipersensibilidad a estimulaci\u00f3n inocua (alodinia) o de baja intensidad (hiperalgesia) en los s\u00edndromes CPS como la fibromialgia, que implican la experiencia de dolor cr\u00f3nico (Yunus, 2009).<\/p>\n\n\n\n<figure class=\"wp-block-image size-full is-resized\"><img decoding=\"async\" width=\"268\" height=\"188\" src=\"https:\/\/aperpsicologia.es\/wp-content\/uploads\/2024\/10\/Sin-titulo-1.jpg\" alt=\"\" class=\"wp-image-1006\" style=\"width:352px;height:auto\" srcset=\"https:\/\/aperpsicologia.es\/wp-content\/uploads\/2024\/10\/Sin-titulo-1.jpg 268w, https:\/\/aperpsicologia.es\/wp-content\/uploads\/2024\/10\/Sin-titulo-1-18x12.jpg 18w\" sizes=\"(max-width: 268px) 100vw, 268px\" \/><\/figure>\n\n\n\n<figure class=\"wp-block-image size-full is-resized\"><img decoding=\"async\" width=\"244\" height=\"207\" src=\"https:\/\/aperpsicologia.es\/wp-content\/uploads\/2024\/10\/Sin-titulo-1.png\" alt=\"\" class=\"wp-image-1007\" style=\"width:475px;height:auto\" srcset=\"https:\/\/aperpsicologia.es\/wp-content\/uploads\/2024\/10\/Sin-titulo-1.png 244w, https:\/\/aperpsicologia.es\/wp-content\/uploads\/2024\/10\/Sin-titulo-1-14x12.png 14w\" sizes=\"(max-width: 244px) 100vw, 244px\" \/><\/figure>\n\n\n\n<h3 class=\"wp-block-heading\">Criterios Diagn\u00f3sticos:<\/h3>\n\n\n\n<p>Actualmente, en la pr\u00e1ctica cl\u00ednica general no existe un consenso sobre qu\u00e9 criterios utilizar, por lo que existe una gran heterogeneidad en el uso de criterios para el diagn\u00f3stico (Velasco, 2019), consider\u00e1ndose una enfermedad mal diagnosticada, en la que los criterios cl\u00ednicos son utilizados como una gu\u00eda y, un <strong>75% de los pacientes con FM no tienen un diagn\u00f3stico claro y definitivo<\/strong> (Walitt et al., 2016), lo que implica una demora en el comienzo del tratamiento. <\/p>\n\n\n\n<p>Adem\u00e1s, el diagn\u00f3stico habitualmente tambi\u00e9n se retrasa debido a la necesidad de una evaluaci\u00f3n integral que haga \u00e9nfasis en las caracter\u00edsticas del dolor: duraci\u00f3n de m\u00e1s de 3 meses, signos de hipersensibilidad, excluir dolor neurop\u00e1tico o nociceptivo, presencia de otros s\u00edntomas som\u00e1ticos y psicol\u00f3gicos, problemas cognitivos, evaluaci\u00f3n de antecedentes familiares y personales que apoyen el diagn\u00f3stico y, realizar un examen f\u00edsico detallado que permita excluir otros patolog\u00edas (Fitzcharles et al., 2021; Nijs et al., 2021).<\/p>\n\n\n\n<p>Los criterios cl\u00ednicos m\u00e1s utilizados para el diagn\u00f3stico han sido los del American College of Rheumatology (ACR).<\/p>\n\n\n\n<figure class=\"wp-block-image size-full is-resized\"><img loading=\"lazy\" decoding=\"async\" width=\"300\" height=\"163\" src=\"https:\/\/aperpsicologia.es\/wp-content\/uploads\/2024\/10\/gr3.jpeg\" alt=\"\" class=\"wp-image-1008\" style=\"width:517px;height:auto\" srcset=\"https:\/\/aperpsicologia.es\/wp-content\/uploads\/2024\/10\/gr3.jpeg 300w, https:\/\/aperpsicologia.es\/wp-content\/uploads\/2024\/10\/gr3-18x10.jpeg 18w\" sizes=\"(max-width: 300px) 100vw, 300px\" \/><\/figure>\n\n\n\n<h3 class=\"wp-block-heading\">Tratamiento.<\/h3>\n\n\n\n<p>Actualmente, no existe consenso sobre una terapia adecuada, y a veces, los efectos de los tratamientos no son satisfactorios. Tanto el dolor cr\u00f3nico en general como la FM en particular, son experiencias complejas y multidimensionales en las que su elevada prevalencia, las convierten en un problema de salud p\u00fablica.<\/p>\n\n\n\n<p>Desde el Instituto de Medicina (IOM) a proponer un enfoque integral, interdisciplinar y la combinaci\u00f3n de <strong>tratamientos farmacol\u00f3gicos y no farmacol\u00f3gicos<\/strong> como lo m\u00e1s recomendable para un adecuado alivio de los s\u00edntomas y de las psicopatolog\u00edas asociadas (Ruiz-Romero et al., 2021).<\/p>\n\n\n\n<h3 class=\"wp-block-heading\">Problemas Relacionados.<\/h3>\n\n\n\n<p>Existe evidencia de psicopatol\u00f3gicas com\u00f3rbidas en pacientes con FM, los\u00a0 trastornos ansioso-depresivos est\u00e1n asociados con la FM en el 60-85% de los pacientes, los trastornos bipolares en el 11% y el abuso de sustancias en el 12%. <\/p>\n\n\n\n<p><strong>La ansiedad y la depresi\u00f3n <\/strong>se asocian con mucha frecuencia al dolor cr\u00f3nico, y por tanto a la FM. Lo que hace que estas sean las patolog\u00edas m\u00e1s comunes, que asociadas con esta enfermedad, la agravan y cronifican su curso (Revuelta et al., 2010).<\/p>\n\n\n\n<p>La FM tambi\u00e9n se asocia con <strong>dolores como migra\u00f1a y dolores de cabeza<\/strong> relacionados con convulsiones y trastornos temporomandibulares. Otro de los s\u00edntomas com\u00f3rbidos, es <strong>la fatiga cr\u00f3nica<\/strong>, una sensaci\u00f3n desagradable que altera el funcionamiento f\u00edsico y psicol\u00f3gico de la persona y le impide realizar las tareas diarias (Velasco, 2019).<\/p>\n\n\n\n<p>Estas asociaciones puede ser tanto <strong>causa, como comorbilidad y\/o condiciones secundarias<\/strong> a la FM, influyendo negativamente en la enfermedad y retrasando la mejor\u00eda del paciente. <\/p>\n\n\n\n<p>Por lo tanto, esta enfermedad tiene un impacto considerable en las actividades de la vida diaria de los pacientes, que los lleva a un alto consumo de medicamentos que no han demostrado eficacia para su tratamiento (Garc\u00eda, Nicol\u00e1s y Hern\u00e1ndez, 2016).<\/p>\n\n\n\n<h3 class=\"wp-block-heading\">Tratamientos Psicol\u00f3gicos.<\/h3>\n\n\n\n<p>El abordaje psicol\u00f3gico del dolor cr\u00f3nico por lo tanto, debe responder a dos cuestiones prioritarias, actuar sobre el dolor, favoreciendo que los sistemas de regulaci\u00f3n natural operen adecuadamente y, en segundo lugar, <strong>impedir que el dolor se haga due\u00f1o de la vida del paciente<\/strong>, proporcionando los recursos adecuados para que la persona recupere el control, haciendo de su comportamiento el elemento clave de su vida (Vallejo-Pareja, 2008).<\/p>\n\n\n\n<p>En este contexto, <strong>la Terapia de Aceptaci\u00f3n y Compromiso (ACT), <\/strong>proporciona un modelo te\u00f3rico diferente, con un enfoque de intervenci\u00f3n que gira en torno a un peque\u00f1o conjunto de procesos de cambio, perfeccionados a lo largo de a\u00f1os de investigaci\u00f3n, basado en alterar las formas en que la experiencia influye en la conducta, por lo que, La Asociaci\u00f3n Estadounidense de Psicolog\u00eda <strong>(APA) <\/strong>considera <strong>ACT como un tratamiento basado en evidencia, que respalda la utilidad de ACT en poblaciones con dolor cr\u00f3nico <\/strong>como los s\u00edndromes de sensibilidad central al dolor a los que pertenece la FM (Hann y McCraken, 2014).<\/p>\n\n\n\n<p>ACT se considera una terapia de las denominadas Terapias de Tercera Generaci\u00f3n, con una filosof\u00eda Cient\u00edfica Pragm\u00e1tica y Contextualista y un enfoque Funcional. <\/p>\n\n\n\n<p>El modelo central aplicado de ACT, busca <strong>incrementar la flexibilidad psicol\u00f3gica<\/strong>, o lo que es lo mismo, los procesos que permiten a los individuos interactuar de modos m\u00e1s flexibles y funcionales con el ambiente (Willson y Luciano, 2014). <\/p>\n\n\n\n<p>El objetivo general de ACT en FM, es ayudar a las personas a desconectarse de los esfuerzos infructuosos para controlar o evitar el dolor, y permitirle avanzar hacia la b\u00fasqueda de metas y valores de manera m\u00e1s consistente. <\/p>\n\n\n\n<p>Continuar a pesar del dolor, llevar una vida significativa, con acciones orientadas a los valores de cada uno y con compromiso de llevarlos a cabo.<\/p>\n\n\n\n<h3 class=\"wp-block-heading\"> Nuestro Protocolo de Trabajo.<\/h3>\n\n\n\n<p>En APER psicolog\u00eda,  Albacete, ofrecemos tratamiento, que puede ser presencial u online&#8230;<\/p>\n\n\n\n<figure class=\"wp-block-table\"><table class=\"has-fixed-layout\"><tbody><tr><td><\/td><td><strong>Protocolo breve de ACT&nbsp; adaptado a FM.<\/strong><\/td><\/tr><tr><td><strong>Aspectos Generales<\/strong> <strong>&nbsp;<\/strong><\/td><td><strong>6 sesiones protocolo breve-online<\/strong><br>50 \u2013 60 minutos.<br>Intervenci\u00f3n en todas las sesiones se realiza de manera individual y online.<br>Se enfatiza en la comprensi\u00f3n e identificaci\u00f3n de <strong>VALORES<\/strong>, verificaci\u00f3n constante de la comprensi\u00f3n para dar apertura a las <strong>ACCIONES COMPROMETIDAS.<\/strong>Al inicio de cada sesi\u00f3n se indaga en el aprendizaje y la pr\u00e1ctica de los ejercicios propuestos para detectar la generalizaci\u00f3n.Se promueve el trabajo aut\u00f3nomo entre sesiones, en apoyo de la gu\u00eda de trabajo con el objetivo de favorecer la comprensi\u00f3n de la intervenci\u00f3n y reforzar su pr\u00e1ctica.<\/td><\/tr><tr><td><strong>Introducci\u00f3n<\/strong><\/td><td><strong>Psicoeducaci\u00f3n. El control es el problema. Qu\u00e9 es la FM<\/strong>.<br>(1) Atenci\u00f3n al momento presente, contactar con la experiencia individual del control de los eventos privados (discusi\u00f3n introductoria). <br>(2) Contactar con las estrategias de control, el control es el problema que pone en peligro los valores (defusi\u00f3n cognitiva). (3) Revisar la desesperanza creativa en los esfuerzos por mantener el control.<\/td><\/tr><tr><td><strong>Sesi\u00f3n<\/strong><\/td><td><strong>&nbsp;&nbsp;&nbsp;&nbsp;&nbsp;&nbsp;&nbsp;&nbsp;&nbsp;&nbsp;&nbsp;&nbsp;&nbsp;&nbsp;&nbsp;&nbsp;&nbsp;&nbsp;&nbsp; Descripci\u00f3n<\/strong><\/td><\/tr><tr><td><strong>1 Aceptaci\u00f3n<\/strong><\/td><td>(1) Validaci\u00f3n del sufrimiento y p\u00e9rdida de calidad de vida. No luchar contra el sufrimiento, expresar miedos y emociones<br>(2) Identificaci\u00f3n del sentido de la vida que uno quiere vivir. <br>(3) Desesperanza creativa; rendirse ante la inutilidad de los intentos de controlar el estr\u00e9s y el dolor.\u00a0\u00a0 <br>(4) Apertura a las Acciones comprometidas; pasos a seguir para acercarme a una vida con sentido a pesar del sufrimiento.<\/td><\/tr><tr><td><strong>Sesi\u00f3n<\/strong><\/td><td><strong>Descripci\u00f3n<\/strong><\/td><\/tr><tr><td><strong>2 Valores.<\/strong><\/td><td>(1) Definici\u00f3n de valores, Identificaci\u00f3n del sentido de la vida que uno quiere vivir(2) Introducir la posibilidad de que una vida valiosa pueda emerger al estar dispuesto a tener y contemplar los eventos privados. Identificar aquellas \u00e1reas particulares de la vida en las que le gustar\u00eda ensayar. (3) Proporcionar experiencias en las que la participante pueda establecer un contacto directo con los beneficios de estar dispuesta\/abierta a las funciones privadas (Ejercicio de exposici\u00f3n, habilidades de disposici\u00f3n y defusi\u00f3n).<\/td><\/tr><tr><td><strong>Sesi\u00f3n<\/strong><\/td><td><strong>Descripci\u00f3n<\/strong><\/td><\/tr><tr><td><strong>3. Psicoeducaci\u00f3n<\/strong><\/td><td>Medicaci\u00f3n Sue\u00f1o, Ejercicio, Estrategias de comunicaci\u00f3n efectivas.<\/td><\/tr><tr><td><strong>Sesi\u00f3n<\/strong><\/td><td>Descripci\u00f3n<\/td><\/tr><tr><td><strong>4 Defusion cognitiva.<\/strong><\/td><td><strong>T\u00fa no eres tus pensamientos<\/strong>. (1) Visualizaci\u00f3n mega (ejercicio del funeral), (2) Defusi\u00f3n cognitiva, (ejercicio: Pasajeros en el autob\u00fas), (3) Ejercicio de exposici\u00f3n para favorecer la defusi\u00f3n (juego de roles verbal y audio de atenci\u00f3n plena).<\/td><\/tr><tr><td><strong>Sesi\u00f3n<\/strong><\/td><td><strong>Descripci\u00f3n<\/strong><\/td><\/tr><tr><td><strong>5. Yo como contexto.<\/strong><\/td><td>Contactar con las experiencias en el presente, observar mis experiencias desde fuera<\/td><\/tr><tr><td><strong>Sesi\u00f3n<\/strong><\/td><td><strong>Descripci\u00f3n<\/strong><\/td><\/tr><tr><td><strong>6. Estar dispuesto.<\/strong> <strong>Acci\u00f3n comprometida.<\/strong><\/td><td>(1) Apertura a las Acciones comprometidas; pasos a seguir para acercarme a una vida con sentido a pesar del sufrimiento (2) trabajar en lo que importa en la vida, para que mi vida tenga valor. (3) Detectar las barreras que surgen, las reca\u00eddas, estar presente, elegir y actuar en la direcci\u00f3n elegida. <br>(4) Normalizar las barreras y los efectos privados de la historia. \u00a0<br><strong> ACTUAR<\/strong>: ser\u00e1 nuestra acci\u00f3n lo que nos lleve a mejorar, no esperamos a mejorar para llevar a cabo la acci\u00f3n.<\/td><\/tr><\/tbody><\/table><\/figure>\n\n\n\n<p><strong>Nota<\/strong>: Adaptaci\u00f3n de Wilson, K. G., &amp; Soriano, M. C. L. (2014).&nbsp;<em>Terapia de aceptaci\u00f3n y compromiso (ACT): un tratamiento conductual orientado a los valores<\/em>. Ediciones Pir\u00e1mide.<\/p>","protected":false},"excerpt":{"rendered":"<p>Chronic Pain. En 2019 la Organizaci\u00f3n Mundial de la Salud (OMS) public\u00f3 la nueva clasificaci\u00f3n internacional de enfermedades CIE-11, y se incorporaron nuevos conceptos taxon\u00f3micos relacionados con las patolog\u00edas que cursan con dolor cr\u00f3nico. La Asociaci\u00f3n Internacional para el Estudio del Dolor cr\u00f3nico, IASP, ha asesorado a la OMS mediante la creaci\u00f3n de la Task [&hellip;]<\/p>","protected":false},"author":2,"featured_media":1003,"comment_status":"open","ping_status":"open","sticky":false,"template":"","format":"standard","meta":{"inline_featured_image":false,"footnotes":""},"categories":[3],"tags":[44,45,46],"class_list":["post-1002","post","type-post","status-publish","format-standard","has-post-thumbnail","hentry","category-blog","tag-dolor-cronico-fibromialgia","tag-mujeres","tag-terapia-de-aceptacion-y-compromiso"],"yoast_head":"<!-- This site is optimized with the Yoast SEO plugin v24.9 - https:\/\/yoast.com\/wordpress\/plugins\/seo\/ -->\n<title>Dolor Cr\u00f3nico - Aper Psicolog\u00eda<\/title>\n<meta name=\"robots\" content=\"index, follow, max-snippet:-1, max-image-preview:large, max-video-preview:-1\" \/>\n<link rel=\"canonical\" href=\"https:\/\/aperpsicologia.es\/en\/dolor-cronico\/\" \/>\n<meta property=\"og:locale\" content=\"en_US\" \/>\n<meta property=\"og:type\" content=\"article\" \/>\n<meta property=\"og:title\" content=\"Dolor Cr\u00f3nico - Aper Psicolog\u00eda\" \/>\n<meta property=\"og:description\" content=\"Chronic Pain. En 2019 la Organizaci\u00f3n Mundial de la Salud (OMS) public\u00f3 la nueva clasificaci\u00f3n internacional de enfermedades CIE-11, y se incorporaron nuevos conceptos taxon\u00f3micos relacionados con las patolog\u00edas que cursan con dolor cr\u00f3nico. La Asociaci\u00f3n Internacional para el Estudio del Dolor cr\u00f3nico, IASP, ha asesorado a la OMS mediante la creaci\u00f3n de la Task [&hellip;]\" \/>\n<meta property=\"og:url\" content=\"https:\/\/aperpsicologia.es\/en\/dolor-cronico\/\" \/>\n<meta property=\"og:site_name\" content=\"Aper Psicolog\u00eda\" \/>\n<meta property=\"article:published_time\" content=\"2024-10-07T11:21:51+00:00\" \/>\n<meta property=\"article:modified_time\" content=\"2024-10-07T11:23:51+00:00\" \/>\n<meta property=\"og:image\" content=\"https:\/\/aperpsicologia.es\/wp-content\/uploads\/2024\/10\/pexels-keenan-constance-545154-2865901-scaled.jpg\" \/>\n\t<meta property=\"og:image:width\" content=\"2560\" \/>\n\t<meta property=\"og:image:height\" content=\"1707\" \/>\n\t<meta property=\"og:image:type\" content=\"image\/jpeg\" \/>\n<meta name=\"author\" content=\"Ana P\u00e9rez\" \/>\n<meta name=\"twitter:card\" content=\"summary_large_image\" \/>\n<meta name=\"twitter:label1\" content=\"Written by\" \/>\n\t<meta name=\"twitter:data1\" content=\"Ana P\u00e9rez\" \/>\n\t<meta name=\"twitter:label2\" content=\"Est. reading time\" \/>\n\t<meta name=\"twitter:data2\" content=\"10 minutes\" \/>\n<script type=\"application\/ld+json\" class=\"yoast-schema-graph\">{\"@context\":\"https:\/\/schema.org\",\"@graph\":[{\"@type\":\"Article\",\"@id\":\"https:\/\/aperpsicologia.es\/dolor-cronico\/#article\",\"isPartOf\":{\"@id\":\"https:\/\/aperpsicologia.es\/dolor-cronico\/\"},\"author\":{\"name\":\"Ana P\u00e9rez\",\"@id\":\"https:\/\/aperpsicologia.es\/#\/schema\/person\/1c024c87b86f4fc43fce288bbd0a62df\"},\"headline\":\"Dolor Cr\u00f3nico\",\"datePublished\":\"2024-10-07T11:21:51+00:00\",\"dateModified\":\"2024-10-07T11:23:51+00:00\",\"mainEntityOfPage\":{\"@id\":\"https:\/\/aperpsicologia.es\/dolor-cronico\/\"},\"wordCount\":2057,\"commentCount\":0,\"publisher\":{\"@id\":\"https:\/\/aperpsicologia.es\/#organization\"},\"image\":{\"@id\":\"https:\/\/aperpsicologia.es\/dolor-cronico\/#primaryimage\"},\"thumbnailUrl\":\"https:\/\/aperpsicologia.es\/wp-content\/uploads\/2024\/10\/pexels-keenan-constance-545154-2865901-scaled.jpg\",\"keywords\":[\"Dolor Cr\u00f3nico Fibromialgia\",\"Mujeres\",\"Terapia de Aceptaci\u00f3n y Compromiso\"],\"articleSection\":[\"Blog\"],\"inLanguage\":\"en-US\",\"potentialAction\":[{\"@type\":\"CommentAction\",\"name\":\"Comment\",\"target\":[\"https:\/\/aperpsicologia.es\/dolor-cronico\/#respond\"]}]},{\"@type\":\"WebPage\",\"@id\":\"https:\/\/aperpsicologia.es\/dolor-cronico\/\",\"url\":\"https:\/\/aperpsicologia.es\/dolor-cronico\/\",\"name\":\"Dolor Cr\u00f3nico - Aper Psicolog\u00eda\",\"isPartOf\":{\"@id\":\"https:\/\/aperpsicologia.es\/#website\"},\"primaryImageOfPage\":{\"@id\":\"https:\/\/aperpsicologia.es\/dolor-cronico\/#primaryimage\"},\"image\":{\"@id\":\"https:\/\/aperpsicologia.es\/dolor-cronico\/#primaryimage\"},\"thumbnailUrl\":\"https:\/\/aperpsicologia.es\/wp-content\/uploads\/2024\/10\/pexels-keenan-constance-545154-2865901-scaled.jpg\",\"datePublished\":\"2024-10-07T11:21:51+00:00\",\"dateModified\":\"2024-10-07T11:23:51+00:00\",\"breadcrumb\":{\"@id\":\"https:\/\/aperpsicologia.es\/dolor-cronico\/#breadcrumb\"},\"inLanguage\":\"en-US\",\"potentialAction\":[{\"@type\":\"ReadAction\",\"target\":[\"https:\/\/aperpsicologia.es\/dolor-cronico\/\"]}]},{\"@type\":\"ImageObject\",\"inLanguage\":\"en-US\",\"@id\":\"https:\/\/aperpsicologia.es\/dolor-cronico\/#primaryimage\",\"url\":\"https:\/\/aperpsicologia.es\/wp-content\/uploads\/2024\/10\/pexels-keenan-constance-545154-2865901-scaled.jpg\",\"contentUrl\":\"https:\/\/aperpsicologia.es\/wp-content\/uploads\/2024\/10\/pexels-keenan-constance-545154-2865901-scaled.jpg\",\"width\":2560,\"height\":1707},{\"@type\":\"BreadcrumbList\",\"@id\":\"https:\/\/aperpsicologia.es\/dolor-cronico\/#breadcrumb\",\"itemListElement\":[{\"@type\":\"ListItem\",\"position\":1,\"name\":\"Home\",\"item\":\"https:\/\/aperpsicologia.es\/\"},{\"@type\":\"ListItem\",\"position\":2,\"name\":\"Dolor Cr\u00f3nico\"}]},{\"@type\":\"WebSite\",\"@id\":\"https:\/\/aperpsicologia.es\/#website\",\"url\":\"https:\/\/aperpsicologia.es\/\",\"name\":\"Aper Psicolog\u00eda\",\"description\":\"\",\"publisher\":{\"@id\":\"https:\/\/aperpsicologia.es\/#organization\"},\"potentialAction\":[{\"@type\":\"SearchAction\",\"target\":{\"@type\":\"EntryPoint\",\"urlTemplate\":\"https:\/\/aperpsicologia.es\/?s={search_term_string}\"},\"query-input\":{\"@type\":\"PropertyValueSpecification\",\"valueRequired\":true,\"valueName\":\"search_term_string\"}}],\"inLanguage\":\"en-US\"},{\"@type\":\"Organization\",\"@id\":\"https:\/\/aperpsicologia.es\/#organization\",\"name\":\"Aper Psicolog\u00eda\",\"url\":\"https:\/\/aperpsicologia.es\/\",\"logo\":{\"@type\":\"ImageObject\",\"inLanguage\":\"en-US\",\"@id\":\"https:\/\/aperpsicologia.es\/#\/schema\/logo\/image\/\",\"url\":\"http:\/\/aperpsicologia.es\/wp-content\/uploads\/2024\/07\/Logo-Sin-Fondo.png\",\"contentUrl\":\"http:\/\/aperpsicologia.es\/wp-content\/uploads\/2024\/07\/Logo-Sin-Fondo.png\",\"width\":372,\"height\":372,\"caption\":\"Aper Psicolog\u00eda\"},\"image\":{\"@id\":\"https:\/\/aperpsicologia.es\/#\/schema\/logo\/image\/\"}},{\"@type\":\"Person\",\"@id\":\"https:\/\/aperpsicologia.es\/#\/schema\/person\/1c024c87b86f4fc43fce288bbd0a62df\",\"name\":\"Ana P\u00e9rez\",\"image\":{\"@type\":\"ImageObject\",\"inLanguage\":\"en-US\",\"@id\":\"https:\/\/aperpsicologia.es\/#\/schema\/person\/image\/\",\"url\":\"https:\/\/secure.gravatar.com\/avatar\/9c7e1dd51dd2aec1a392455275d3c1ed8bd377e9fe82952ccc5d0304f81bee6d?s=96&d=mm&r=g\",\"contentUrl\":\"https:\/\/secure.gravatar.com\/avatar\/9c7e1dd51dd2aec1a392455275d3c1ed8bd377e9fe82952ccc5d0304f81bee6d?s=96&d=mm&r=g\",\"caption\":\"Ana P\u00e9rez\"},\"url\":\"https:\/\/aperpsicologia.es\/en\/author\/anaperez\/\"}]}<\/script>\n<!-- \/ Yoast SEO plugin. -->","yoast_head_json":{"title":"Dolor Cr\u00f3nico - Aper Psicolog\u00eda","robots":{"index":"index","follow":"follow","max-snippet":"max-snippet:-1","max-image-preview":"max-image-preview:large","max-video-preview":"max-video-preview:-1"},"canonical":"https:\/\/aperpsicologia.es\/en\/dolor-cronico\/","og_locale":"en_US","og_type":"article","og_title":"Dolor Cr\u00f3nico - Aper Psicolog\u00eda","og_description":"Chronic Pain. En 2019 la Organizaci\u00f3n Mundial de la Salud (OMS) public\u00f3 la nueva clasificaci\u00f3n internacional de enfermedades CIE-11, y se incorporaron nuevos conceptos taxon\u00f3micos relacionados con las patolog\u00edas que cursan con dolor cr\u00f3nico. La Asociaci\u00f3n Internacional para el Estudio del Dolor cr\u00f3nico, IASP, ha asesorado a la OMS mediante la creaci\u00f3n de la Task [&hellip;]","og_url":"https:\/\/aperpsicologia.es\/en\/dolor-cronico\/","og_site_name":"Aper Psicolog\u00eda","article_published_time":"2024-10-07T11:21:51+00:00","article_modified_time":"2024-10-07T11:23:51+00:00","og_image":[{"width":2560,"height":1707,"url":"https:\/\/aperpsicologia.es\/wp-content\/uploads\/2024\/10\/pexels-keenan-constance-545154-2865901-scaled.jpg","type":"image\/jpeg"}],"author":"Ana P\u00e9rez","twitter_card":"summary_large_image","twitter_misc":{"Written by":"Ana P\u00e9rez","Est. reading time":"10 minutes"},"schema":{"@context":"https:\/\/schema.org","@graph":[{"@type":"Article","@id":"https:\/\/aperpsicologia.es\/dolor-cronico\/#article","isPartOf":{"@id":"https:\/\/aperpsicologia.es\/dolor-cronico\/"},"author":{"name":"Ana P\u00e9rez","@id":"https:\/\/aperpsicologia.es\/#\/schema\/person\/1c024c87b86f4fc43fce288bbd0a62df"},"headline":"Dolor Cr\u00f3nico","datePublished":"2024-10-07T11:21:51+00:00","dateModified":"2024-10-07T11:23:51+00:00","mainEntityOfPage":{"@id":"https:\/\/aperpsicologia.es\/dolor-cronico\/"},"wordCount":2057,"commentCount":0,"publisher":{"@id":"https:\/\/aperpsicologia.es\/#organization"},"image":{"@id":"https:\/\/aperpsicologia.es\/dolor-cronico\/#primaryimage"},"thumbnailUrl":"https:\/\/aperpsicologia.es\/wp-content\/uploads\/2024\/10\/pexels-keenan-constance-545154-2865901-scaled.jpg","keywords":["Dolor Cr\u00f3nico Fibromialgia","Mujeres","Terapia de Aceptaci\u00f3n y Compromiso"],"articleSection":["Blog"],"inLanguage":"en-US","potentialAction":[{"@type":"CommentAction","name":"Comment","target":["https:\/\/aperpsicologia.es\/dolor-cronico\/#respond"]}]},{"@type":"WebPage","@id":"https:\/\/aperpsicologia.es\/dolor-cronico\/","url":"https:\/\/aperpsicologia.es\/dolor-cronico\/","name":"Dolor Cr\u00f3nico - Aper Psicolog\u00eda","isPartOf":{"@id":"https:\/\/aperpsicologia.es\/#website"},"primaryImageOfPage":{"@id":"https:\/\/aperpsicologia.es\/dolor-cronico\/#primaryimage"},"image":{"@id":"https:\/\/aperpsicologia.es\/dolor-cronico\/#primaryimage"},"thumbnailUrl":"https:\/\/aperpsicologia.es\/wp-content\/uploads\/2024\/10\/pexels-keenan-constance-545154-2865901-scaled.jpg","datePublished":"2024-10-07T11:21:51+00:00","dateModified":"2024-10-07T11:23:51+00:00","breadcrumb":{"@id":"https:\/\/aperpsicologia.es\/dolor-cronico\/#breadcrumb"},"inLanguage":"en-US","potentialAction":[{"@type":"ReadAction","target":["https:\/\/aperpsicologia.es\/dolor-cronico\/"]}]},{"@type":"ImageObject","inLanguage":"en-US","@id":"https:\/\/aperpsicologia.es\/dolor-cronico\/#primaryimage","url":"https:\/\/aperpsicologia.es\/wp-content\/uploads\/2024\/10\/pexels-keenan-constance-545154-2865901-scaled.jpg","contentUrl":"https:\/\/aperpsicologia.es\/wp-content\/uploads\/2024\/10\/pexels-keenan-constance-545154-2865901-scaled.jpg","width":2560,"height":1707},{"@type":"BreadcrumbList","@id":"https:\/\/aperpsicologia.es\/dolor-cronico\/#breadcrumb","itemListElement":[{"@type":"ListItem","position":1,"name":"Home","item":"https:\/\/aperpsicologia.es\/"},{"@type":"ListItem","position":2,"name":"Dolor Cr\u00f3nico"}]},{"@type":"WebSite","@id":"https:\/\/aperpsicologia.es\/#website","url":"https:\/\/aperpsicologia.es\/","name":"Aper Psicolog\u00eda","description":"","publisher":{"@id":"https:\/\/aperpsicologia.es\/#organization"},"potentialAction":[{"@type":"SearchAction","target":{"@type":"EntryPoint","urlTemplate":"https:\/\/aperpsicologia.es\/?s={search_term_string}"},"query-input":{"@type":"PropertyValueSpecification","valueRequired":true,"valueName":"search_term_string"}}],"inLanguage":"en-US"},{"@type":"Organization","@id":"https:\/\/aperpsicologia.es\/#organization","name":"Aper Psicolog\u00eda","url":"https:\/\/aperpsicologia.es\/","logo":{"@type":"ImageObject","inLanguage":"en-US","@id":"https:\/\/aperpsicologia.es\/#\/schema\/logo\/image\/","url":"http:\/\/aperpsicologia.es\/wp-content\/uploads\/2024\/07\/Logo-Sin-Fondo.png","contentUrl":"http:\/\/aperpsicologia.es\/wp-content\/uploads\/2024\/07\/Logo-Sin-Fondo.png","width":372,"height":372,"caption":"Aper Psicolog\u00eda"},"image":{"@id":"https:\/\/aperpsicologia.es\/#\/schema\/logo\/image\/"}},{"@type":"Person","@id":"https:\/\/aperpsicologia.es\/#\/schema\/person\/1c024c87b86f4fc43fce288bbd0a62df","name":"Ana P\u00e9rez","image":{"@type":"ImageObject","inLanguage":"en-US","@id":"https:\/\/aperpsicologia.es\/#\/schema\/person\/image\/","url":"https:\/\/secure.gravatar.com\/avatar\/9c7e1dd51dd2aec1a392455275d3c1ed8bd377e9fe82952ccc5d0304f81bee6d?s=96&d=mm&r=g","contentUrl":"https:\/\/secure.gravatar.com\/avatar\/9c7e1dd51dd2aec1a392455275d3c1ed8bd377e9fe82952ccc5d0304f81bee6d?s=96&d=mm&r=g","caption":"Ana P\u00e9rez"},"url":"https:\/\/aperpsicologia.es\/en\/author\/anaperez\/"}]}},"_links":{"self":[{"href":"https:\/\/aperpsicologia.es\/en\/wp-json\/wp\/v2\/posts\/1002","targetHints":{"allow":["GET"]}}],"collection":[{"href":"https:\/\/aperpsicologia.es\/en\/wp-json\/wp\/v2\/posts"}],"about":[{"href":"https:\/\/aperpsicologia.es\/en\/wp-json\/wp\/v2\/types\/post"}],"author":[{"embeddable":true,"href":"https:\/\/aperpsicologia.es\/en\/wp-json\/wp\/v2\/users\/2"}],"replies":[{"embeddable":true,"href":"https:\/\/aperpsicologia.es\/en\/wp-json\/wp\/v2\/comments?post=1002"}],"version-history":[{"count":1,"href":"https:\/\/aperpsicologia.es\/en\/wp-json\/wp\/v2\/posts\/1002\/revisions"}],"predecessor-version":[{"id":1009,"href":"https:\/\/aperpsicologia.es\/en\/wp-json\/wp\/v2\/posts\/1002\/revisions\/1009"}],"wp:featuredmedia":[{"embeddable":true,"href":"https:\/\/aperpsicologia.es\/en\/wp-json\/wp\/v2\/media\/1003"}],"wp:attachment":[{"href":"https:\/\/aperpsicologia.es\/en\/wp-json\/wp\/v2\/media?parent=1002"}],"wp:term":[{"taxonomy":"category","embeddable":true,"href":"https:\/\/aperpsicologia.es\/en\/wp-json\/wp\/v2\/categories?post=1002"},{"taxonomy":"post_tag","embeddable":true,"href":"https:\/\/aperpsicologia.es\/en\/wp-json\/wp\/v2\/tags?post=1002"}],"curies":[{"name":"wp","href":"https:\/\/api.w.org\/{rel}","templated":true}]}}